{"id":130,"date":"2010-03-10T07:11:22","date_gmt":"2010-03-10T06:11:22","guid":{"rendered":"http:\/\/primarysocialstudies.skola.edu.mt\/?p=130"},"modified":"2010-04-17T13:41:12","modified_gmt":"2010-04-17T12:41:12","slug":"il-belt-valletta-harga-edukattiva-ghas-sitt-sena-primarja","status":"publish","type":"post","link":"https:\/\/primarysocialstudies.skola.edu.mt\/?p=130","title":{"rendered":"Is-6 sena:Valletta"},"content":{"rendered":"<p><a href=\"http:\/\/primarysocialstudies.skola.edu.mt\/wp-content\/uploads\/2010\/03\/fieldwork-yr6.jpg\"><img loading=\"lazy\" decoding=\"async\" class=\"alignleft size-medium wp-image-189\" title=\"fieldwork-yr6\" src=\"http:\/\/primarysocialstudies.skola.edu.mt\/wp-content\/uploads\/2010\/03\/fieldwork-yr6-300x286.jpg\" alt=\"\" width=\"300\" height=\"286\" srcset=\"https:\/\/primarysocialstudies.skola.edu.mt\/wp-content\/uploads\/2010\/03\/fieldwork-yr6-300x286.jpg 300w, https:\/\/primarysocialstudies.skola.edu.mt\/wp-content\/uploads\/2010\/03\/fieldwork-yr6.jpg 484w\" sizes=\"(max-width: 300px) 100vw, 300px\" \/><\/a>\u0126ar\u0121a edukattiva (fieldwork) fil-Belt Valleta; iddawnlowdja noti biex jin\u0127admu waqt il-\u0127ar\u0121a &#8211; <a href=\"http:\/\/schoolnet.gov.mt\/socialstudies\/Year6\/Fieldwork-Valletta-Year6.pdf\">iddawnlowdja &gt;&gt;&gt;&gt;&gt;&gt;&gt;<\/a><\/p>\n<p>Ara dokumentarju dwar il-Belt Valletta bi preparazzjoni g\u0127all-<em>fieldwork<\/em>.<br \/>\n<a href=\"http:\/\/www.youtube.com\/watch?v=D6QTj-v3zVg\">L-Ewwel Parti (YouTube) &gt;&gt;&gt;&gt;&gt;&gt;<\/a>\u00a0\u00a0 |\u00a0\u00a0\u00a0 <a href=\"http:\/\/www.vimeo.com\/10795515\">L-Ewwel Parti (Vimeo) &gt;&gt;&gt;&gt;&gt;<\/a><br \/>\n<a href=\"http:\/\/www.youtube.com\/watch?v=1BmzXUnOayA\">It-Tieni Parti (YouTube)&gt;&gt;&gt;&gt;&gt;&gt;<\/a>\u00a0\u00a0\u00a0\u00a0\u00a0 |\u00a0\u00a0\u00a0\u00a0<a href=\"http:\/\/www.vimeo.com\/10554767\">It-Tieni Parti (Vimeo)&gt;&gt;&gt;&gt;&gt;&gt;<\/a><\/p>\n<p>L-g\u0127alliema u\/jew il-\u0121enituri li jixtiequ iktar tag\u0127rif flimkien mat-twe\u0121ibiet g\u0127all-<em>fieldwork<\/em> tas-6 sena jistg\u0127u jibag\u0127tu <em>email<\/em> lil: <a href=\"mailto:tony.a.pace@gov.mt\">tony.a.pace@gov.mt<\/a><\/p>\n","protected":false},"excerpt":{"rendered":"<p>\u0126ar\u0121a edukattiva (fieldwork) fil-Belt Valleta; iddawnlowdja noti biex jin\u0127admu waqt il-\u0127ar\u0121a &#8211; iddawnlowdja &gt;&gt;&gt;&gt;&gt;&gt;&gt; Ara dokumentarju dwar il-Belt Valletta bi preparazzjoni g\u0127all-fieldwork. L-Ewwel Parti (YouTube) &gt;&gt;&gt;&gt;&gt;&gt;\u00a0\u00a0 |\u00a0\u00a0\u00a0 L-Ewwel Parti (Vimeo) &gt;&gt;&gt;&gt;&gt; It-Tieni Parti (YouTube)&gt;&gt;&gt;&gt;&gt;&gt;\u00a0\u00a0\u00a0\u00a0\u00a0 |\u00a0\u00a0\u00a0\u00a0It-Tieni Parti (Vimeo)&gt;&gt;&gt;&gt;&gt;&gt; L-g\u0127alliema u\/jew il-\u0121enituri li jixtiequ iktar tag\u0127rif flimkien mat-twe\u0121ibiet g\u0127all-fieldwork tas-6 sena jistg\u0127u jibag\u0127tu email lil: tony.a.pace@gov.mt<\/p>\n","protected":false},"author":2,"featured_media":0,"comment_status":"open","ping_status":"open","sticky":false,"template":"","format":"standard","meta":{"footnotes":""},"categories":[8],"tags":[],"_links":{"self":[{"href":"https:\/\/primarysocialstudies.skola.edu.mt\/index.php?rest_route=\/wp\/v2\/posts\/130"}],"collection":[{"href":"https:\/\/primarysocialstudies.skola.edu.mt\/index.php?rest_route=\/wp\/v2\/posts"}],"about":[{"href":"https:\/\/primarysocialstudies.skola.edu.mt\/index.php?rest_route=\/wp\/v2\/types\/post"}],"author":[{"embeddable":true,"href":"https:\/\/primarysocialstudies.skola.edu.mt\/index.php?rest_route=\/wp\/v2\/users\/2"}],"replies":[{"embeddable":true,"href":"https:\/\/primarysocialstudies.skola.edu.mt\/index.php?rest_route=%2Fwp%2Fv2%2Fcomments&post=130"}],"version-history":[{"count":10,"href":"https:\/\/primarysocialstudies.skola.edu.mt\/index.php?rest_route=\/wp\/v2\/posts\/130\/revisions"}],"predecessor-version":[{"id":190,"href":"https:\/\/primarysocialstudies.skola.edu.mt\/index.php?rest_route=\/wp\/v2\/posts\/130\/revisions\/190"}],"wp:attachment":[{"href":"https:\/\/primarysocialstudies.skola.edu.mt\/index.php?rest_route=%2Fwp%2Fv2%2Fmedia&parent=130"}],"wp:term":[{"taxonomy":"category","embeddable":true,"href":"https:\/\/primarysocialstudies.skola.edu.mt\/index.php?rest_route=%2Fwp%2Fv2%2Fcategories&post=130"},{"taxonomy":"post_tag","embeddable":true,"href":"https:\/\/primarysocialstudies.skola.edu.mt\/index.php?rest_route=%2Fwp%2Fv2%2Ftags&post=130"}],"curies":[{"name":"wp","href":"https:\/\/api.w.org\/{rel}","templated":true}]}}